{"id":2881,"date":"2021-08-06T12:18:58","date_gmt":"2021-08-06T11:18:58","guid":{"rendered":"http:\/\/ciudadeuropeadelvino.arandadeduero.es\/?p=2881"},"modified":"2022-05-06T10:05:10","modified_gmt":"2022-05-06T09:05:10","slug":"fiesta-de-las-penias","status":"publish","type":"post","link":"http:\/\/ciudadeuropeadelvino.arandadeduero.es\/index.php\/fiesta-de-las-penias\/","title":{"rendered":"Fiesta de las Pe\u00f1as"},"content":{"rendered":"<p>Se trata de una actividad festiva que re\u00fane a las ocho pe\u00f1as recreativas de Aranda de Duero en una jornada de confraternizaci\u00f3n en la que se organizan diversas actividades como pasacalles de las charangas pertenecientes a cada pe\u00f1a por el casco antiguo de la localidad, juegos tradicionales, instalaci\u00f3n de un parque infantil en la plaza Mayor, concentraci\u00f3n de pe\u00f1istas en la plaza del Trigo, comida y competici\u00f3n de barcas en el embarcadero del Barriles, casetas en la plaza Mayor con bebidas, bocadillos, pinchos y raciones para el p\u00fablico asistente, y disco m\u00f3vil o verbena para amenizar la noche a todo el visitante que quiera pasar un buen rato.<\/p>\n<p>En Aranda existen ocho pe\u00f1as oficiales de fiestas, con su sede en distintas bodegas subterr\u00e1neas tradicionales. Cada una de las pe\u00f1as posee en torno a 1.400 socios a los que se suman familiares, amigos y visitantes. Un n\u00famero suficientemente grande para que ese d\u00eda sea un reclamo.<\/p>\n<p>Una jornada donde se destaca la fiesta y la unidad en torno al marco de nuestras pe\u00f1as.<\/p>\n","protected":false},"excerpt":{"rendered":"<p>Se trata de una actividad festiva que re\u00fane a las ocho pe\u00f1as recreativas de Aranda de Duero en una jornada de confraternizaci\u00f3n en la que se<span class=\"excerpt-hellip\"> [\u2026]<\/span><\/p>\n","protected":false},"author":1,"featured_media":3482,"comment_status":"open","ping_status":"open","sticky":false,"template":"","format":"image","meta":[],"categories":[2],"tags":[32],"_links":{"self":[{"href":"http:\/\/ciudadeuropeadelvino.arandadeduero.es\/index.php\/wp-json\/wp\/v2\/posts\/2881"}],"collection":[{"href":"http:\/\/ciudadeuropeadelvino.arandadeduero.es\/index.php\/wp-json\/wp\/v2\/posts"}],"about":[{"href":"http:\/\/ciudadeuropeadelvino.arandadeduero.es\/index.php\/wp-json\/wp\/v2\/types\/post"}],"author":[{"embeddable":true,"href":"http:\/\/ciudadeuropeadelvino.arandadeduero.es\/index.php\/wp-json\/wp\/v2\/users\/1"}],"replies":[{"embeddable":true,"href":"http:\/\/ciudadeuropeadelvino.arandadeduero.es\/index.php\/wp-json\/wp\/v2\/comments?post=2881"}],"version-history":[{"count":3,"href":"http:\/\/ciudadeuropeadelvino.arandadeduero.es\/index.php\/wp-json\/wp\/v2\/posts\/2881\/revisions"}],"predecessor-version":[{"id":3139,"href":"http:\/\/ciudadeuropeadelvino.arandadeduero.es\/index.php\/wp-json\/wp\/v2\/posts\/2881\/revisions\/3139"}],"wp:featuredmedia":[{"embeddable":true,"href":"http:\/\/ciudadeuropeadelvino.arandadeduero.es\/index.php\/wp-json\/wp\/v2\/media\/3482"}],"wp:attachment":[{"href":"http:\/\/ciudadeuropeadelvino.arandadeduero.es\/index.php\/wp-json\/wp\/v2\/media?parent=2881"}],"wp:term":[{"taxonomy":"category","embeddable":true,"href":"http:\/\/ciudadeuropeadelvino.arandadeduero.es\/index.php\/wp-json\/wp\/v2\/categories?post=2881"},{"taxonomy":"post_tag","embeddable":true,"href":"http:\/\/ciudadeuropeadelvino.arandadeduero.es\/index.php\/wp-json\/wp\/v2\/tags?post=2881"}],"curies":[{"name":"wp","href":"https:\/\/api.w.org\/{rel}","templated":true}]}}