{"id":2877,"date":"2021-08-06T12:16:37","date_gmt":"2021-08-06T11:16:37","guid":{"rendered":"http:\/\/ciudadeuropeadelvino.arandadeduero.es\/?p=2877"},"modified":"2022-04-29T13:08:07","modified_gmt":"2022-04-29T12:08:07","slug":"certamen-internacional-de-bandas","status":"publish","type":"post","link":"http:\/\/ciudadeuropeadelvino.arandadeduero.es\/index.php\/certamen-internacional-de-bandas\/","title":{"rendered":"Certamen Internacional de Bandas"},"content":{"rendered":"<p>El Certamen Internacional de Bandas es una actividad muy consolidada en la programaci\u00f3n estival de Aranda en la que bandas nacionales e internacionales de m\u00fasica compiten a trav\u00e9s de conciertos celebrados en directo, todos los viernes del verano.<\/p>\n<p>El escenario se ubica en un sitio privilegiado como es la ic\u00f3nica plaza del Trigo, rodeada de edificios emblem\u00e1ticos como son la casa del Pueblo Espa\u00f1ol, casa de los Fantasmas o la casa palacio de D. Diego Arias de Miranda. Las bandas participantes deben interpretar dos temas obligatorios y, el resto, de elecci\u00f3n particular. En la edici\u00f3n de 2022 estos dos temas obligatorios deber\u00e1n tener relaci\u00f3n con el mundo del vino. Existe un jurado t\u00e9cnico y un jurado popular. Se conceden tres premios a las bandas mejor valoradas y un premio especial para el mejor director.<\/p>\n<p>El Certamen Internacional de Bandas ha adquirido un gran prestigio en el c\u00edrculo de agrupaciones musicales, escuelas de m\u00fasica y conservatorios, lo que sit\u00faa a la capital ribere\u00f1a en una elevada posici\u00f3n en este tipo de eventos culturales. Adem\u00e1s, el Certamen supone la presencia en Aranda los d\u00edas de concierto a agrupaciones musicales que, por lo general, rondan el centenar de m\u00fasicos.<\/p>\n","protected":false},"excerpt":{"rendered":"<p>El Certamen Internacional de Bandas es una actividad muy consolidada en la programaci\u00f3n estival de Aranda en la que bandas nacionales e internacionales de m\u00fasica compiten<span class=\"excerpt-hellip\"> [\u2026]<\/span><\/p>\n","protected":false},"author":1,"featured_media":3425,"comment_status":"open","ping_status":"open","sticky":false,"template":"","format":"image","meta":[],"categories":[2],"tags":[31],"_links":{"self":[{"href":"http:\/\/ciudadeuropeadelvino.arandadeduero.es\/index.php\/wp-json\/wp\/v2\/posts\/2877"}],"collection":[{"href":"http:\/\/ciudadeuropeadelvino.arandadeduero.es\/index.php\/wp-json\/wp\/v2\/posts"}],"about":[{"href":"http:\/\/ciudadeuropeadelvino.arandadeduero.es\/index.php\/wp-json\/wp\/v2\/types\/post"}],"author":[{"embeddable":true,"href":"http:\/\/ciudadeuropeadelvino.arandadeduero.es\/index.php\/wp-json\/wp\/v2\/users\/1"}],"replies":[{"embeddable":true,"href":"http:\/\/ciudadeuropeadelvino.arandadeduero.es\/index.php\/wp-json\/wp\/v2\/comments?post=2877"}],"version-history":[{"count":3,"href":"http:\/\/ciudadeuropeadelvino.arandadeduero.es\/index.php\/wp-json\/wp\/v2\/posts\/2877\/revisions"}],"predecessor-version":[{"id":3135,"href":"http:\/\/ciudadeuropeadelvino.arandadeduero.es\/index.php\/wp-json\/wp\/v2\/posts\/2877\/revisions\/3135"}],"wp:featuredmedia":[{"embeddable":true,"href":"http:\/\/ciudadeuropeadelvino.arandadeduero.es\/index.php\/wp-json\/wp\/v2\/media\/3425"}],"wp:attachment":[{"href":"http:\/\/ciudadeuropeadelvino.arandadeduero.es\/index.php\/wp-json\/wp\/v2\/media?parent=2877"}],"wp:term":[{"taxonomy":"category","embeddable":true,"href":"http:\/\/ciudadeuropeadelvino.arandadeduero.es\/index.php\/wp-json\/wp\/v2\/categories?post=2877"},{"taxonomy":"post_tag","embeddable":true,"href":"http:\/\/ciudadeuropeadelvino.arandadeduero.es\/index.php\/wp-json\/wp\/v2\/tags?post=2877"}],"curies":[{"name":"wp","href":"https:\/\/api.w.org\/{rel}","templated":true}]}}