{"id":2870,"date":"2021-08-06T11:57:35","date_gmt":"2021-08-06T10:57:35","guid":{"rendered":"http:\/\/ciudadeuropeadelvino.arandadeduero.es\/?p=2870"},"modified":"2022-04-29T13:21:17","modified_gmt":"2022-04-29T12:21:17","slug":"curso-jovenes-viticultores","status":"publish","type":"post","link":"http:\/\/ciudadeuropeadelvino.arandadeduero.es\/index.php\/curso-jovenes-viticultores\/","title":{"rendered":"Curso de J\u00f3venes Viticultores"},"content":{"rendered":"<p>El curso para j\u00f3venes agricultores viticultores tendr\u00e1 como tema principal \u201cEl cultivo ecol\u00f3gico de la vid\u201d y se impartir\u00e1 en Aranda de Duero durante el mes de julio de 2022. Tendr\u00e1 ambas modalidades: presencial y online.<\/p>\n<p>Las pr\u00e1cticas respetuosas con el Medio Ambiente han ganado adeptos en los \u00faltimos a\u00f1os por lo que el curso tratar\u00e1 los temas siguientes:<\/p>\n<p style=\"padding-left: 40px;\">1.- Buenas Pr\u00e1cticas en producci\u00f3n ecol\u00f3gica<\/p>\n<p style=\"padding-left: 40px;\">2.- La superficie de vid ecol\u00f3gica<\/p>\n<p style=\"padding-left: 40px;\">3.- Bases de la producci\u00f3n ecol\u00f3gica<\/p>\n<p style=\"padding-left: 40px;\">4.- Diversidad biol\u00f3gica<\/p>\n<p style=\"padding-left: 40px;\">5.- Fertilizaci\u00f3n<\/p>\n<p style=\"padding-left: 40px;\">6.- Control de hierbas, plagas y enfermedades<\/p>\n<p style=\"padding-left: 40px;\">7.- El vino ecol\u00f3gico, estrategias y resultados econ\u00f3micos<\/p>\n<p>Esta actividad servir\u00e1 para la difusi\u00f3n de nuestro patrimonio enol\u00f3gico, de nuestros vinos, de nuestra actividad empresarial y enotur\u00edstica mediante formaci\u00f3n te\u00f3rica y pr\u00e1ctica, experiencias y transmisi\u00f3n de conocimiento de j\u00f3venes viticultores de diferentes pa\u00edses<\/p>\n","protected":false},"excerpt":{"rendered":"<p>El curso para j\u00f3venes agricultores viticultores tendr\u00e1 como tema principal \u201cEl cultivo ecol\u00f3gico de la vid\u201d y se impartir\u00e1 en Aranda de Duero durante el mes<span class=\"excerpt-hellip\"> [\u2026]<\/span><\/p>\n","protected":false},"author":1,"featured_media":3432,"comment_status":"open","ping_status":"open","sticky":false,"template":"","format":"image","meta":[],"categories":[2],"tags":[51],"_links":{"self":[{"href":"http:\/\/ciudadeuropeadelvino.arandadeduero.es\/index.php\/wp-json\/wp\/v2\/posts\/2870"}],"collection":[{"href":"http:\/\/ciudadeuropeadelvino.arandadeduero.es\/index.php\/wp-json\/wp\/v2\/posts"}],"about":[{"href":"http:\/\/ciudadeuropeadelvino.arandadeduero.es\/index.php\/wp-json\/wp\/v2\/types\/post"}],"author":[{"embeddable":true,"href":"http:\/\/ciudadeuropeadelvino.arandadeduero.es\/index.php\/wp-json\/wp\/v2\/users\/1"}],"replies":[{"embeddable":true,"href":"http:\/\/ciudadeuropeadelvino.arandadeduero.es\/index.php\/wp-json\/wp\/v2\/comments?post=2870"}],"version-history":[{"count":4,"href":"http:\/\/ciudadeuropeadelvino.arandadeduero.es\/index.php\/wp-json\/wp\/v2\/posts\/2870\/revisions"}],"predecessor-version":[{"id":3137,"href":"http:\/\/ciudadeuropeadelvino.arandadeduero.es\/index.php\/wp-json\/wp\/v2\/posts\/2870\/revisions\/3137"}],"wp:featuredmedia":[{"embeddable":true,"href":"http:\/\/ciudadeuropeadelvino.arandadeduero.es\/index.php\/wp-json\/wp\/v2\/media\/3432"}],"wp:attachment":[{"href":"http:\/\/ciudadeuropeadelvino.arandadeduero.es\/index.php\/wp-json\/wp\/v2\/media?parent=2870"}],"wp:term":[{"taxonomy":"category","embeddable":true,"href":"http:\/\/ciudadeuropeadelvino.arandadeduero.es\/index.php\/wp-json\/wp\/v2\/categories?post=2870"},{"taxonomy":"post_tag","embeddable":true,"href":"http:\/\/ciudadeuropeadelvino.arandadeduero.es\/index.php\/wp-json\/wp\/v2\/tags?post=2870"}],"curies":[{"name":"wp","href":"https:\/\/api.w.org\/{rel}","templated":true}]}}