{"id":2788,"date":"2021-08-06T09:36:59","date_gmt":"2021-08-06T08:36:59","guid":{"rendered":"http:\/\/ciudadeuropeadelvino.arandadeduero.es\/?p=2788"},"modified":"2022-08-04T11:53:52","modified_gmt":"2022-08-04T10:53:52","slug":"un-rio-de-vino","status":"publish","type":"post","link":"http:\/\/ciudadeuropeadelvino.arandadeduero.es\/index.php\/un-rio-de-vino\/","title":{"rendered":"Un R\u00edo de Vino"},"content":{"rendered":"<p>Ser\u00e1 \u00e9sta la actividad que dar\u00e1 el pistoletazo de salida a todo un a\u00f1o repleto de eventos para conmemorar la capitalidad europea del vino que ostenta Aranda de Duero.<\/p>\n<p>Es una de las actividades estrella de la capitalidad europea del vino y que consiste en la iluminaci\u00f3n del r\u00edo Duero de color rojo para que se asemeje a la imagen de un r\u00edo de vino.<\/p>\n<p>A trav\u00e9s de iluminaci\u00f3n ornamental mediante un sistema con energ\u00eda solar se pretende crear un efecto que simule \u00abte\u00f1ir\u00bb de rojo el Duero junto con la zona del parque El Barriles y el puente rom\u00e1nico para producir la sensaci\u00f3n de que las aguas del r\u00edo fueran vino.<\/p>\n<p>Para la puesta de largo, se contar\u00e1 con la presencia de un mago, que llevar\u00e1 a cabo una espectacular puesta en escena que har\u00e1 que el r\u00edo cambie de color y \u00abconvertir\u00bb as\u00ed el agua en vino.<\/p>\n","protected":false},"excerpt":{"rendered":"<p class=\"big\">Pellentesque et lacus pretium tincidunt. Pellentesque at metus. Donec nisl a nisl. Vestibulum ante ipsum primis in nulla orci ut leo nec cursus consequat, orci ut<\/p>\n","protected":false},"author":1,"featured_media":3507,"comment_status":"closed","ping_status":"closed","sticky":false,"template":"","format":"image","meta":[],"categories":[2],"tags":[18],"_links":{"self":[{"href":"http:\/\/ciudadeuropeadelvino.arandadeduero.es\/index.php\/wp-json\/wp\/v2\/posts\/2788"}],"collection":[{"href":"http:\/\/ciudadeuropeadelvino.arandadeduero.es\/index.php\/wp-json\/wp\/v2\/posts"}],"about":[{"href":"http:\/\/ciudadeuropeadelvino.arandadeduero.es\/index.php\/wp-json\/wp\/v2\/types\/post"}],"author":[{"embeddable":true,"href":"http:\/\/ciudadeuropeadelvino.arandadeduero.es\/index.php\/wp-json\/wp\/v2\/users\/1"}],"replies":[{"embeddable":true,"href":"http:\/\/ciudadeuropeadelvino.arandadeduero.es\/index.php\/wp-json\/wp\/v2\/comments?post=2788"}],"version-history":[{"count":6,"href":"http:\/\/ciudadeuropeadelvino.arandadeduero.es\/index.php\/wp-json\/wp\/v2\/posts\/2788\/revisions"}],"predecessor-version":[{"id":3511,"href":"http:\/\/ciudadeuropeadelvino.arandadeduero.es\/index.php\/wp-json\/wp\/v2\/posts\/2788\/revisions\/3511"}],"wp:featuredmedia":[{"embeddable":true,"href":"http:\/\/ciudadeuropeadelvino.arandadeduero.es\/index.php\/wp-json\/wp\/v2\/media\/3507"}],"wp:attachment":[{"href":"http:\/\/ciudadeuropeadelvino.arandadeduero.es\/index.php\/wp-json\/wp\/v2\/media?parent=2788"}],"wp:term":[{"taxonomy":"category","embeddable":true,"href":"http:\/\/ciudadeuropeadelvino.arandadeduero.es\/index.php\/wp-json\/wp\/v2\/categories?post=2788"},{"taxonomy":"post_tag","embeddable":true,"href":"http:\/\/ciudadeuropeadelvino.arandadeduero.es\/index.php\/wp-json\/wp\/v2\/tags?post=2788"}],"curies":[{"name":"wp","href":"https:\/\/api.w.org\/{rel}","templated":true}]}}