{"id":2585,"date":"2014-01-01T14:40:32","date_gmt":"2014-01-01T13:40:32","guid":{"rendered":"http:\/\/ciudadeuropeadelvino.arandadeduero.es\/?p=2585"},"modified":"2022-05-05T12:56:58","modified_gmt":"2022-05-05T11:56:58","slug":"fiestas-de-aranda","status":"publish","type":"post","link":"http:\/\/ciudadeuropeadelvino.arandadeduero.es\/index.php\/fiestas-de-aranda\/","title":{"rendered":"Fiestas Patronales de Aranda de Duero"},"content":{"rendered":"<p>Las fiestas patronales son el m\u00e1ximo exponente de alegr\u00eda de los arandinos que esperan durante todo el a\u00f1o con ansia la llegada del segundo fin de semana de septiembre que es cuando dan comienzo; del 9 al 18 de septiembre se prev\u00e9 su celebraci\u00f3n en 2022.<\/p>\n<p>Est\u00e1n dedicadas a su patrona, la Virgen de las Vi\u00f1as, cuya imagen se custodia en la ermita que lleva su nombre situada al norte de la ciudad. Las fiestas se inician con el tradicional ca\u00f1onazo, pistoletazo de salida de nueve d\u00edas repletos de eventos y actividades de ocio para todos los p\u00fablicos como son: conciertos con grupos de gran relevancia nacional e internacional, espect\u00e1culos taurinos, competiciones deportivas, actuaciones culturales, pasacalles, espect\u00e1culos de magia incluidos como novedad en el a\u00f1o 2021 o los famosos \u00abgigantes y cabezudos\u00bb que son otro de los atractivos de las fiestas de Aranda que hacen pasar un buen rato a los m\u00e1s peque\u00f1os.<\/p>\n<p>Otro de los eventos m\u00e1s consolidados es la \u00abbajada de los toros\u00bb donde se recorren las calles acompa\u00f1ados de la m\u00fasica de las charangas de las pe\u00f1as hasta llegar a sus respectivas bodegas subterr\u00e1neas; \u00e9sta es otra gran oportunidad para que el visitante pueda acceder y contemplar el conjunto de 7 kil\u00f3metros de bodegas excavadas en el subsuelo del centro de la ciudad debido a que en estas jornadas se encuentran normalmente abiertas.<\/p>\n<p>En definitiva, las fiestas patronales en honor a la Virgen de las Vi\u00f1as son un momento \u00fanico en el a\u00f1o para que familias, amigos y visitantes se re\u00fanan para llevar a cabo meriendas u otro tipo de celebraciones adem\u00e1s del poder disfrutar de la variada oferta cultural y de ocio durante esos d\u00edas.<\/p>\n","protected":false},"excerpt":{"rendered":"<p>Las fiestas patronales son el m\u00e1ximo exponente de alegr\u00eda de los arandinos que esperan durante todo el a\u00f1o con ansia la llegada del segundo fin de<span class=\"excerpt-hellip\"> [\u2026]<\/span><\/p>\n","protected":false},"author":1,"featured_media":3460,"comment_status":"open","ping_status":"open","sticky":false,"template":"","format":"image","meta":[],"categories":[2],"tags":[35],"_links":{"self":[{"href":"http:\/\/ciudadeuropeadelvino.arandadeduero.es\/index.php\/wp-json\/wp\/v2\/posts\/2585"}],"collection":[{"href":"http:\/\/ciudadeuropeadelvino.arandadeduero.es\/index.php\/wp-json\/wp\/v2\/posts"}],"about":[{"href":"http:\/\/ciudadeuropeadelvino.arandadeduero.es\/index.php\/wp-json\/wp\/v2\/types\/post"}],"author":[{"embeddable":true,"href":"http:\/\/ciudadeuropeadelvino.arandadeduero.es\/index.php\/wp-json\/wp\/v2\/users\/1"}],"replies":[{"embeddable":true,"href":"http:\/\/ciudadeuropeadelvino.arandadeduero.es\/index.php\/wp-json\/wp\/v2\/comments?post=2585"}],"version-history":[{"count":5,"href":"http:\/\/ciudadeuropeadelvino.arandadeduero.es\/index.php\/wp-json\/wp\/v2\/posts\/2585\/revisions"}],"predecessor-version":[{"id":3145,"href":"http:\/\/ciudadeuropeadelvino.arandadeduero.es\/index.php\/wp-json\/wp\/v2\/posts\/2585\/revisions\/3145"}],"wp:featuredmedia":[{"embeddable":true,"href":"http:\/\/ciudadeuropeadelvino.arandadeduero.es\/index.php\/wp-json\/wp\/v2\/media\/3460"}],"wp:attachment":[{"href":"http:\/\/ciudadeuropeadelvino.arandadeduero.es\/index.php\/wp-json\/wp\/v2\/media?parent=2585"}],"wp:term":[{"taxonomy":"category","embeddable":true,"href":"http:\/\/ciudadeuropeadelvino.arandadeduero.es\/index.php\/wp-json\/wp\/v2\/categories?post=2585"},{"taxonomy":"post_tag","embeddable":true,"href":"http:\/\/ciudadeuropeadelvino.arandadeduero.es\/index.php\/wp-json\/wp\/v2\/tags?post=2585"}],"curies":[{"name":"wp","href":"https:\/\/api.w.org\/{rel}","templated":true}]}}