{"id":2559,"date":"2014-04-20T09:03:54","date_gmt":"2014-04-20T08:03:54","guid":{"rendered":"http:\/\/ciudadeuropeadelvino.arandadeduero.es\/?p=2559"},"modified":"2022-05-03T10:18:19","modified_gmt":"2022-05-03T09:18:19","slug":"sonorama-ribera","status":"publish","type":"post","link":"http:\/\/ciudadeuropeadelvino.arandadeduero.es\/index.php\/sonorama-ribera\/","title":{"rendered":"Sonorama Ribera"},"content":{"rendered":"<p>El festival Sonorama Ribera es un festival de m\u00fasica independiente que se celebra en Aranda desde 1998. Es uno de los principales festivales de m\u00fasica indie de nuestro pa\u00eds que consigui\u00f3 reunir a m\u00e1s de 110.000 visitantes en 2019.<\/p>\n<p>El festival se ha consolidado como uno de los m\u00e1s valorados de la escena espa\u00f1ola, obteniendo importantes premios como por ejemplo el de mejor festival de gran formato en el a\u00f1o 2017.<\/p>\n<p>Durante sus 24 ediciones, ha ido creciendo exponencialmente a la vez que lo han hecho muchas bandas que han visto como Sonorama les ha servido como su plataforma de lanzamiento gracias a su actuaci\u00f3n en el festival.<\/p>\n<p>Su personalidad se debe a que ha sabido compaginar los conciertos nocturnos, con los escenarios diurnos y gratuitos que desde 2007 inundan el casco hist\u00f3rico de la ciudad, destacando el escenario de la famosa plaza del Trigo, conocida y muy apreciada por sus asistentes y que se ha convertido en un icono del festival, haci\u00e9ndola famosa en el panorama musical nacional.<\/p>\n<p>M\u00e1s informaci\u00f3n y entradas en <a href=\"https:\/\/sonorama-aranda.com\/\">https:\/\/sonorama-aranda.com\/<\/a><\/p>\n","protected":false},"excerpt":{"rendered":"<p>El festival Sonorama Ribera es un festival de m\u00fasica independiente que se celebra en Aranda desde 1998. Es uno de los principales festivales de m\u00fasica indie<span class=\"excerpt-hellip\"> [\u2026]<\/span><\/p>\n","protected":false},"author":1,"featured_media":3438,"comment_status":"open","ping_status":"open","sticky":false,"template":"","format":"image","meta":[],"categories":[2],"tags":[52],"_links":{"self":[{"href":"http:\/\/ciudadeuropeadelvino.arandadeduero.es\/index.php\/wp-json\/wp\/v2\/posts\/2559"}],"collection":[{"href":"http:\/\/ciudadeuropeadelvino.arandadeduero.es\/index.php\/wp-json\/wp\/v2\/posts"}],"about":[{"href":"http:\/\/ciudadeuropeadelvino.arandadeduero.es\/index.php\/wp-json\/wp\/v2\/types\/post"}],"author":[{"embeddable":true,"href":"http:\/\/ciudadeuropeadelvino.arandadeduero.es\/index.php\/wp-json\/wp\/v2\/users\/1"}],"replies":[{"embeddable":true,"href":"http:\/\/ciudadeuropeadelvino.arandadeduero.es\/index.php\/wp-json\/wp\/v2\/comments?post=2559"}],"version-history":[{"count":5,"href":"http:\/\/ciudadeuropeadelvino.arandadeduero.es\/index.php\/wp-json\/wp\/v2\/posts\/2559\/revisions"}],"predecessor-version":[{"id":3141,"href":"http:\/\/ciudadeuropeadelvino.arandadeduero.es\/index.php\/wp-json\/wp\/v2\/posts\/2559\/revisions\/3141"}],"wp:featuredmedia":[{"embeddable":true,"href":"http:\/\/ciudadeuropeadelvino.arandadeduero.es\/index.php\/wp-json\/wp\/v2\/media\/3438"}],"wp:attachment":[{"href":"http:\/\/ciudadeuropeadelvino.arandadeduero.es\/index.php\/wp-json\/wp\/v2\/media?parent=2559"}],"wp:term":[{"taxonomy":"category","embeddable":true,"href":"http:\/\/ciudadeuropeadelvino.arandadeduero.es\/index.php\/wp-json\/wp\/v2\/categories?post=2559"},{"taxonomy":"post_tag","embeddable":true,"href":"http:\/\/ciudadeuropeadelvino.arandadeduero.es\/index.php\/wp-json\/wp\/v2\/tags?post=2559"}],"curies":[{"name":"wp","href":"https:\/\/api.w.org\/{rel}","templated":true}]}}