{"id":2547,"date":"2014-04-21T22:07:14","date_gmt":"2014-04-21T21:07:14","guid":{"rendered":"http:\/\/ciudadeuropeadelvino.arandadeduero.es\/?p=2547"},"modified":"2022-08-04T11:57:20","modified_gmt":"2022-08-04T10:57:20","slug":"teatro-en-las-bodegas","status":"publish","type":"post","link":"http:\/\/ciudadeuropeadelvino.arandadeduero.es\/index.php\/teatro-en-las-bodegas\/","title":{"rendered":"Teatro en las Bodegas"},"content":{"rendered":"<p>Cada vez son m\u00e1s los turistas que pernoctan en Aranda y la comarca atra\u00eddos por la gastronom\u00eda y el vino adem\u00e1s de por su oferta patrimonial y cultural. En este caso, el Ayuntamiento de Aranda ofrece a la poblaci\u00f3n y visitantes un recurso tur\u00edstico ameno y did\u00e1ctico como es el teatro en las Bodegas.<\/p>\n<p>Las bodegas subterr\u00e1neas son un excelente marco para representaciones teatrales. El visitante no s\u00f3lo disfrutar\u00e1 de la representaci\u00f3n teatral sino que podr\u00e1 contemplar una de las bodegas subterr\u00e1neas que forman el conjunto singular y de gran relevancia patrimonial de 7 kil\u00f3metros de bodegas excavadas durante los siglos XII y XVIII, declaradas BIC y que aportan gran particularidad a la oferta tur\u00edstica arandina.<\/p>\n<p>Respecto a la representaci\u00f3n teatral, tiene una duraci\u00f3n de entre 75 y 90 minutos, y\u00a0transcurre por el casco hist\u00f3rico de Aranda y la bodega de\u00a0\u00abLas Caballerizas\u00bb bajo el nombre de\u00a0<em style=\"font-weight: inherit;\">\u00abIN VINO VERITAS\u00bb<\/em><\/p>\n<p>El objetivo es lograr que\u00a0el p\u00fablico conozca la historia de la ciudad y de nuestras bodegas subterr\u00e1neas, de una forma amena y divertida a trav\u00e9s de personajes hist\u00f3ricos que que han vivido o pasado por Aranda como Napole\u00f3n o la Reina Isabel I La Cat\u00f3lica.<\/p>\n<p>El espect\u00e1culo es gratuito y tiene lugar\u00a0 todos los fines de semana de julio a octubre,\u00a0a excepci\u00f3n del 13 y 14 de agosto, 10,\u00a011, 17, 18, 24\u00a0 y\u00a025\u00a0de septiembre. Inscripci\u00f3n previa en\u00a0Oficina de Turismo, tel\u00e9fono 947510476.<\/p>\n","protected":false},"excerpt":{"rendered":"<p>Cada vez son m\u00e1s los turistas que pernoctan en Aranda y la comarca atra\u00eddos por la gastronom\u00eda y el vino adem\u00e1s de por su oferta patrimonial<span class=\"excerpt-hellip\"> [\u2026]<\/span><\/p>\n","protected":false},"author":1,"featured_media":3514,"comment_status":"open","ping_status":"open","sticky":false,"template":"","format":"image","meta":[],"categories":[2],"tags":[50],"_links":{"self":[{"href":"http:\/\/ciudadeuropeadelvino.arandadeduero.es\/index.php\/wp-json\/wp\/v2\/posts\/2547"}],"collection":[{"href":"http:\/\/ciudadeuropeadelvino.arandadeduero.es\/index.php\/wp-json\/wp\/v2\/posts"}],"about":[{"href":"http:\/\/ciudadeuropeadelvino.arandadeduero.es\/index.php\/wp-json\/wp\/v2\/types\/post"}],"author":[{"embeddable":true,"href":"http:\/\/ciudadeuropeadelvino.arandadeduero.es\/index.php\/wp-json\/wp\/v2\/users\/1"}],"replies":[{"embeddable":true,"href":"http:\/\/ciudadeuropeadelvino.arandadeduero.es\/index.php\/wp-json\/wp\/v2\/comments?post=2547"}],"version-history":[{"count":8,"href":"http:\/\/ciudadeuropeadelvino.arandadeduero.es\/index.php\/wp-json\/wp\/v2\/posts\/2547\/revisions"}],"predecessor-version":[{"id":3513,"href":"http:\/\/ciudadeuropeadelvino.arandadeduero.es\/index.php\/wp-json\/wp\/v2\/posts\/2547\/revisions\/3513"}],"wp:featuredmedia":[{"embeddable":true,"href":"http:\/\/ciudadeuropeadelvino.arandadeduero.es\/index.php\/wp-json\/wp\/v2\/media\/3514"}],"wp:attachment":[{"href":"http:\/\/ciudadeuropeadelvino.arandadeduero.es\/index.php\/wp-json\/wp\/v2\/media?parent=2547"}],"wp:term":[{"taxonomy":"category","embeddable":true,"href":"http:\/\/ciudadeuropeadelvino.arandadeduero.es\/index.php\/wp-json\/wp\/v2\/categories?post=2547"},{"taxonomy":"post_tag","embeddable":true,"href":"http:\/\/ciudadeuropeadelvino.arandadeduero.es\/index.php\/wp-json\/wp\/v2\/tags?post=2547"}],"curies":[{"name":"wp","href":"https:\/\/api.w.org\/{rel}","templated":true}]}}