{"id":2331,"date":"2014-04-24T08:54:47","date_gmt":"2014-04-24T07:54:47","guid":{"rendered":"http:\/\/themes.muffingroup.com\/be\/theater\/?p=2331"},"modified":"2022-05-06T10:01:23","modified_gmt":"2022-05-06T09:01:23","slug":"enverofest","status":"publish","type":"post","link":"http:\/\/ciudadeuropeadelvino.arandadeduero.es\/index.php\/enverofest\/","title":{"rendered":"EnveroFest"},"content":{"rendered":"\n<p>La m\u00fasica en\ndirecto y los mejores vinos de Ribera del Duero son una combinaci\u00f3n perfecta\npara disfrutar los d\u00edas 28 y 29 de mayo por las calles del centro de Aranda de\nDuero.<\/p>\n\n\n\n<p>Porque de\nforma paralela y complementaria al concurso de los Premios Envero, en la plaza\nMayor de Aranda se instalan casetas de diferentes bodegas (wine bars) pertenecientes\na la denominaci\u00f3n de origen Ribera del Duero acompa\u00f1adas de m\u00fasica en directo\ncon la celebraci\u00f3n de conciertos que hacen una combinaci\u00f3n de ocio perfecta, ya\nque los asistentes pueden recorrer los wine bars degustando los caldos\nribere\u00f1os que ofrece cada bodega participante al ritmo de la m\u00fasica. <\/p>\n\n\n\n<p><br>M\u00e1s informaci\u00f3n en:  <a rel=\"noreferrer noopener\" aria-label=\" (se abre en una nueva pesta\u00f1a)\" href=\"http:\/\/premiosenvero.arandadeduero.es\/enverofest.php\" target=\"_blank\">Enverofest<\/a> <\/p>\n\n\n\n<p><\/p>\n","protected":false},"excerpt":{"rendered":"<p>La m\u00fasica en directo y los mejores vinos de Ribera del Duero son una combinaci\u00f3n perfecta para disfrutar los d\u00edas 28 y 29 de mayo por<span class=\"excerpt-hellip\"> [\u2026]<\/span><\/p>\n","protected":false},"author":1,"featured_media":3473,"comment_status":"open","ping_status":"open","sticky":false,"template":"","format":"image","meta":[],"categories":[2],"tags":[48],"_links":{"self":[{"href":"http:\/\/ciudadeuropeadelvino.arandadeduero.es\/index.php\/wp-json\/wp\/v2\/posts\/2331"}],"collection":[{"href":"http:\/\/ciudadeuropeadelvino.arandadeduero.es\/index.php\/wp-json\/wp\/v2\/posts"}],"about":[{"href":"http:\/\/ciudadeuropeadelvino.arandadeduero.es\/index.php\/wp-json\/wp\/v2\/types\/post"}],"author":[{"embeddable":true,"href":"http:\/\/ciudadeuropeadelvino.arandadeduero.es\/index.php\/wp-json\/wp\/v2\/users\/1"}],"replies":[{"embeddable":true,"href":"http:\/\/ciudadeuropeadelvino.arandadeduero.es\/index.php\/wp-json\/wp\/v2\/comments?post=2331"}],"version-history":[{"count":9,"href":"http:\/\/ciudadeuropeadelvino.arandadeduero.es\/index.php\/wp-json\/wp\/v2\/posts\/2331\/revisions"}],"predecessor-version":[{"id":3177,"href":"http:\/\/ciudadeuropeadelvino.arandadeduero.es\/index.php\/wp-json\/wp\/v2\/posts\/2331\/revisions\/3177"}],"wp:featuredmedia":[{"embeddable":true,"href":"http:\/\/ciudadeuropeadelvino.arandadeduero.es\/index.php\/wp-json\/wp\/v2\/media\/3473"}],"wp:attachment":[{"href":"http:\/\/ciudadeuropeadelvino.arandadeduero.es\/index.php\/wp-json\/wp\/v2\/media?parent=2331"}],"wp:term":[{"taxonomy":"category","embeddable":true,"href":"http:\/\/ciudadeuropeadelvino.arandadeduero.es\/index.php\/wp-json\/wp\/v2\/categories?post=2331"},{"taxonomy":"post_tag","embeddable":true,"href":"http:\/\/ciudadeuropeadelvino.arandadeduero.es\/index.php\/wp-json\/wp\/v2\/tags?post=2331"}],"curies":[{"name":"wp","href":"https:\/\/api.w.org\/{rel}","templated":true}]}}