{"id":2327,"date":"2014-05-02T08:30:54","date_gmt":"2014-05-02T07:30:54","guid":{"rendered":"http:\/\/themes.muffingroup.com\/be\/theater\/?p=2327"},"modified":"2022-04-25T13:35:02","modified_gmt":"2022-04-25T12:35:02","slug":"milla-del-vino","status":"publish","type":"post","link":"http:\/\/ciudadeuropeadelvino.arandadeduero.es\/index.php\/milla-del-vino\/","title":{"rendered":"Milla del Vino"},"content":{"rendered":"<p>El Ilustre Ayuntamiento de Aranda de Duero, organiza la XXXVIII milla urbana, milla del vino Aranda de Duero para el d\u00eda 21 de mayo de 2022. Actividad incluida en el calendario nacional de pruebas en ruta de la Real Federaci\u00f3n Espa\u00f1ola de Atletismo. La prueba se desarrolla en circuito urbano homologado, con un recorrido de 1.609 metros.<\/p>\n<p>Podr\u00e1n participar todos los atletas con licencia federativa en vigor (Licencia RFEA o Licencia territorial CYL) o que sean titulares del Carnet del Corredor Plus de la RFEA. La presentaci\u00f3n de la licencia o el carnet ser\u00e1 requisito imprescindible para efectuar la inscripci\u00f3n.<\/p>\n<p>Existen las siguientes categor\u00edas, masculinas o femeninas:<\/p>\n<p>Sub 10, Sub 12, Sub 14, Sub 16, Sub 18, Sub 20, Sub 23, Senior,&nbsp; Master categor\u00eda A y categor\u00eda B y por \u00faltimo categor\u00eda absoluta.<\/p>\n<p>El evento re\u00fane no s\u00f3lo a atletas sino tambi\u00e9n a aficionados que asisten a esta actividad para poder disfrutarla en un entorno l\u00fadico y deportivo como meros espectadores. Es por ello que cada a\u00f1o cuenta con mayor aceptaci\u00f3n y participaci\u00f3n entre atletas y p\u00fablico asistente.<\/p>\n<p>M\u00e1s informaci\u00f3n en <a href=\"http:\/\/www.arandactiva.com\/\">http:\/\/www.arandactiva.com\/&nbsp;<\/a><\/p>\n","protected":false},"excerpt":{"rendered":"<p>El Ilustre Ayuntamiento de Aranda de Duero, organiza la XXXVIII milla urbana, milla del vino Aranda de Duero para el d\u00eda 21 de mayo de 2022.<span class=\"excerpt-hellip\"> [\u2026]<\/span><\/p>\n","protected":false},"author":1,"featured_media":3401,"comment_status":"open","ping_status":"open","sticky":false,"template":"","format":"image","meta":[],"categories":[2],"tags":[21],"_links":{"self":[{"href":"http:\/\/ciudadeuropeadelvino.arandadeduero.es\/index.php\/wp-json\/wp\/v2\/posts\/2327"}],"collection":[{"href":"http:\/\/ciudadeuropeadelvino.arandadeduero.es\/index.php\/wp-json\/wp\/v2\/posts"}],"about":[{"href":"http:\/\/ciudadeuropeadelvino.arandadeduero.es\/index.php\/wp-json\/wp\/v2\/types\/post"}],"author":[{"embeddable":true,"href":"http:\/\/ciudadeuropeadelvino.arandadeduero.es\/index.php\/wp-json\/wp\/v2\/users\/1"}],"replies":[{"embeddable":true,"href":"http:\/\/ciudadeuropeadelvino.arandadeduero.es\/index.php\/wp-json\/wp\/v2\/comments?post=2327"}],"version-history":[{"count":5,"href":"http:\/\/ciudadeuropeadelvino.arandadeduero.es\/index.php\/wp-json\/wp\/v2\/posts\/2327\/revisions"}],"predecessor-version":[{"id":3232,"href":"http:\/\/ciudadeuropeadelvino.arandadeduero.es\/index.php\/wp-json\/wp\/v2\/posts\/2327\/revisions\/3232"}],"wp:featuredmedia":[{"embeddable":true,"href":"http:\/\/ciudadeuropeadelvino.arandadeduero.es\/index.php\/wp-json\/wp\/v2\/media\/3401"}],"wp:attachment":[{"href":"http:\/\/ciudadeuropeadelvino.arandadeduero.es\/index.php\/wp-json\/wp\/v2\/media?parent=2327"}],"wp:term":[{"taxonomy":"category","embeddable":true,"href":"http:\/\/ciudadeuropeadelvino.arandadeduero.es\/index.php\/wp-json\/wp\/v2\/categories?post=2327"},{"taxonomy":"post_tag","embeddable":true,"href":"http:\/\/ciudadeuropeadelvino.arandadeduero.es\/index.php\/wp-json\/wp\/v2\/tags?post=2327"}],"curies":[{"name":"wp","href":"https:\/\/api.w.org\/{rel}","templated":true}]}}